{"id":725,"date":"2023-03-24T18:12:43","date_gmt":"2023-03-24T17:12:43","guid":{"rendered":"https:\/\/www.v-comp.hu\/?p=725"},"modified":"2023-03-26T16:58:35","modified_gmt":"2023-03-26T14:58:35","slug":"e-mail-szerver-migracio","status":"publish","type":"post","link":"https:\/\/www.v-comp.hu\/?p=725","title":{"rendered":"E-mail szerver migr\u00e1ci\u00f3"},"content":{"rendered":"\n<p class=\"has-text-align-justify\">Az elm\u00falt id\u0151szak legfontosabb feladata az e-mail szerver migr\u00e1ci\u00f3ja volt, melynek lebonyol\u00edt\u00e1s\u00e1t teljes sikerrel z\u00e1rtuk.<\/p>\n\n\n\n<p class=\"has-text-align-justify\">Az \u00e1t\u00e1ll\u00e1s maga a megfelel\u0151 el\u0151k\u00e9sz\u00fcleteknek k\u00f6sz\u00f6nhet\u0151en r\u00f6vid ideig tartott. Az e-maileket \u00e9s egy\u00e9b f\u00e1jlokat egy el\u0151re kidolgozott, differenci\u00e1lis vissza\u00e1ll\u00edt\u00e1st haszn\u00e1l\u00f3 m\u00f3dszerrel \u00e1ll\u00edtottuk vissza. \u00cdgy a migr\u00e1ci\u00f3kor csak az utols\u00f3 teljes ment\u00e9s \u00f3ta m\u00f3dosult, viszonylag kis mennyis\u00e9g\u0171 adatot kellett helyre\u00e1ll\u00edtani. A migr\u00e1ci\u00f3 adatveszt\u00e9s n\u00e9lk\u00fcl, egy vas\u00e1rnapi napon, az \u00fcgyfeleket legkev\u00e9sb\u00e9 \u00e9rint\u0151 m\u00f3don v\u00e9gezt\u00fck el.<\/p>\n\n\n\n<p class=\"has-text-align-justify\">Ha szeretne t\u00f6bbet tudni a saj\u00e1t serveren hosztolt e-mail megold\u00e1s fel\u00e9p\u00edt\u00e9s\u00e9r\u0151l, telep\u00edt\u00e9s\u00e9r\u0151l, akkor keressen minket bizalommal az <a href=\"mailto:info@v-comp.hu\" data-type=\"mailto\" data-id=\"mailto:info@v-comp.hu\">info@v-comp.hu<\/a> c\u00edmen!<\/p>\n\n\n\n<p><\/p>\n","protected":false},"excerpt":{"rendered":"<p>Az elm\u00falt id\u0151szak legfontosabb feladata az e-mail szerver migr\u00e1ci\u00f3ja volt, melynek lebonyol\u00edt\u00e1s\u00e1t teljes sikerrel z\u00e1rtuk. Az \u00e1t\u00e1ll\u00e1s maga a megfelel\u0151 el\u0151k\u00e9sz\u00fcleteknek k\u00f6sz\u00f6nhet\u0151en r\u00f6vid ideig tartott. Az e-maileket \u00e9s egy\u00e9b f\u00e1jlokat egy el\u0151re kidolgozott, differenci\u00e1lis vissza\u00e1ll\u00edt\u00e1st haszn\u00e1l\u00f3 m\u00f3dszerrel \u00e1ll\u00edtottuk vissza. \u00cdgy a migr\u00e1ci\u00f3kor csak az utols\u00f3 teljes ment\u00e9s \u00f3ta m\u00f3dosult, viszonylag kis mennyis\u00e9g\u0171 adatot kellett helyre\u00e1ll\u00edtani. &hellip; <a href=\"https:\/\/www.v-comp.hu\/?p=725\" class=\"more-link\">Continue reading<span class=\"screen-reader-text\"> &#8220;E-mail szerver migr\u00e1ci\u00f3&#8221;<\/span><\/a><\/p>\n","protected":false},"author":1,"featured_media":0,"comment_status":"open","ping_status":"open","sticky":false,"template":"","format":"standard","meta":{"_editorskit_title_hidden":false,"_editorskit_reading_time":0,"_editorskit_is_block_options_detached":false,"_editorskit_block_options_position":"{}","footnotes":""},"categories":[1],"tags":[],"class_list":["post-725","post","type-post","status-publish","format-standard","hentry","category-uncategorized"],"_links":{"self":[{"href":"https:\/\/www.v-comp.hu\/index.php?rest_route=\/wp\/v2\/posts\/725","targetHints":{"allow":["GET"]}}],"collection":[{"href":"https:\/\/www.v-comp.hu\/index.php?rest_route=\/wp\/v2\/posts"}],"about":[{"href":"https:\/\/www.v-comp.hu\/index.php?rest_route=\/wp\/v2\/types\/post"}],"author":[{"embeddable":true,"href":"https:\/\/www.v-comp.hu\/index.php?rest_route=\/wp\/v2\/users\/1"}],"replies":[{"embeddable":true,"href":"https:\/\/www.v-comp.hu\/index.php?rest_route=%2Fwp%2Fv2%2Fcomments&post=725"}],"version-history":[{"count":10,"href":"https:\/\/www.v-comp.hu\/index.php?rest_route=\/wp\/v2\/posts\/725\/revisions"}],"predecessor-version":[{"id":750,"href":"https:\/\/www.v-comp.hu\/index.php?rest_route=\/wp\/v2\/posts\/725\/revisions\/750"}],"wp:attachment":[{"href":"https:\/\/www.v-comp.hu\/index.php?rest_route=%2Fwp%2Fv2%2Fmedia&parent=725"}],"wp:term":[{"taxonomy":"category","embeddable":true,"href":"https:\/\/www.v-comp.hu\/index.php?rest_route=%2Fwp%2Fv2%2Fcategories&post=725"},{"taxonomy":"post_tag","embeddable":true,"href":"https:\/\/www.v-comp.hu\/index.php?rest_route=%2Fwp%2Fv2%2Ftags&post=725"}],"curies":[{"name":"wp","href":"https:\/\/api.w.org\/{rel}","templated":true}]}}